{"id":7536,"date":"2022-03-23T10:22:18","date_gmt":"2022-03-23T10:22:18","guid":{"rendered":"https:\/\/www.afibmatters.org\/patient-stories\/af-and-life-changes\/"},"modified":"2023-01-10T17:34:25","modified_gmt":"2023-01-10T17:34:25","slug":"formaksflimmer-och-livsstilsforandringar","status":"publish","type":"patient-stories","link":"https:\/\/www.afibmatters.org\/sv\/patient-stories\/formaksflimmer-och-livsstilsforandringar\/","title":{"rendered":"F\u00f6rmaksflimmer och livsstilsf\u00f6r\u00e4ndringar"},"content":{"rendered":"","protected":false},"featured_media":5432,"menu_order":5,"template":"","categories":[194],"class_list":["post-7536","patient-stories","type-patient-stories","status-publish","has-post-thumbnail","hentry","category-patient-video-sv"],"acf":[],"_links":{"self":[{"href":"https:\/\/www.afibmatters.org\/sv\/wp-json\/wp\/v2\/patient-stories\/7536","targetHints":{"allow":["GET"]}}],"collection":[{"href":"https:\/\/www.afibmatters.org\/sv\/wp-json\/wp\/v2\/patient-stories"}],"about":[{"href":"https:\/\/www.afibmatters.org\/sv\/wp-json\/wp\/v2\/types\/patient-stories"}],"wp:featuredmedia":[{"embeddable":true,"href":"https:\/\/www.afibmatters.org\/sv\/wp-json\/wp\/v2\/media\/5432"}],"wp:attachment":[{"href":"https:\/\/www.afibmatters.org\/sv\/wp-json\/wp\/v2\/media?parent=7536"}],"wp:term":[{"taxonomy":"category","embeddable":true,"href":"https:\/\/www.afibmatters.org\/sv\/wp-json\/wp\/v2\/categories?post=7536"}],"curies":[{"name":"wp","href":"https:\/\/api.w.org\/{rel}","templated":true}]}}