{"id":9103,"date":"2024-03-04T09:52:55","date_gmt":"2024-03-04T09:52:55","guid":{"rendered":"https:\/\/www.afibmatters.org\/patient-stories\/expor-as-suas-preocupacoes-ao-seu-medico\/"},"modified":"2024-03-04T09:52:55","modified_gmt":"2024-03-04T09:52:55","slug":"expor-as-suas-preocupacoes-ao-seu-medico","status":"publish","type":"patient-stories","link":"https:\/\/www.afibmatters.org\/pt-pt\/patient-stories\/expor-as-suas-preocupacoes-ao-seu-medico\/","title":{"rendered":"Expor as suas preocupa\u00e7\u00f5es ao seu m\u00e9dico"},"content":{"rendered":"","protected":false},"featured_media":4982,"menu_order":0,"template":"","categories":[181],"class_list":["post-9103","patient-stories","type-patient-stories","status-publish","has-post-thumbnail","hentry","category-tratamento"],"acf":[],"_links":{"self":[{"href":"https:\/\/www.afibmatters.org\/pt-pt\/wp-json\/wp\/v2\/patient-stories\/9103","targetHints":{"allow":["GET"]}}],"collection":[{"href":"https:\/\/www.afibmatters.org\/pt-pt\/wp-json\/wp\/v2\/patient-stories"}],"about":[{"href":"https:\/\/www.afibmatters.org\/pt-pt\/wp-json\/wp\/v2\/types\/patient-stories"}],"wp:featuredmedia":[{"embeddable":true,"href":"https:\/\/www.afibmatters.org\/pt-pt\/wp-json\/wp\/v2\/media\/4982"}],"wp:attachment":[{"href":"https:\/\/www.afibmatters.org\/pt-pt\/wp-json\/wp\/v2\/media?parent=9103"}],"wp:term":[{"taxonomy":"category","embeddable":true,"href":"https:\/\/www.afibmatters.org\/pt-pt\/wp-json\/wp\/v2\/categories?post=9103"}],"curies":[{"name":"wp","href":"https:\/\/api.w.org\/{rel}","templated":true}]}}